{"id":24306,"date":"2025-03-04T11:20:24","date_gmt":"2025-03-04T09:20:24","guid":{"rendered":"https:\/\/almaschool.org\/i-fili-di-eva-peron\/"},"modified":"2026-01-20T13:51:44","modified_gmt":"2026-01-20T11:51:44","slug":"i-fili-di-eva-peron","status":"publish","type":"post","link":"https:\/\/almaschool.org\/it\/i-fili-di-eva-peron\/","title":{"rendered":"I Fili di Eva Per\u00f3n"},"content":{"rendered":"\t\t<div data-elementor-type=\"wp-post\" data-elementor-id=\"24306\" class=\"elementor elementor-24306 elementor-7957\" data-elementor-post-type=\"post\">\n\t\t\t\t<div class=\"elementor-element elementor-element-00bdd4c e-con-full e-flex e-con e-parent\" data-id=\"00bdd4c\" data-element_type=\"container\" data-e-type=\"container\" data-settings=\"{&quot;background_background&quot;:&quot;classic&quot;}\">\n\t\t\t\t<\/div>\n\t\t<div class=\"elementor-element elementor-element-1bd4b48 e-flex e-con-boxed e-con e-parent\" data-id=\"1bd4b48\" data-element_type=\"container\" data-e-type=\"container\">\n\t\t\t\t\t<div class=\"e-con-inner\">\n\t\t\t\t<div class=\"elementor-element elementor-element-7ce257f elementor-widget elementor-widget-html\" data-id=\"7ce257f\" data-element_type=\"widget\" data-e-type=\"widget\" data-widget_type=\"html.default\">\n\t\t\t\t<div class=\"elementor-widget-container\">\n\t\t\t\t\t<iframe src=\"https:\/\/open.spotify.com\/embed\/episode\/0f4MZ3gP0GnCn1tl0w7VAN?utm_source=generator\" style=\"      width: min(100%, 600px);     height: 152px;     border: none;     border-radius: 8px;     display: block;     margin: 0 auto;    \" allow=\"autoplay; clipboard-write; encrypted-media; fullscreen; picture-in-picture\" loading=\"lazy\">\r\n<\/iframe>\r\n\t\t\t\t<\/div>\n\t\t\t\t<\/div>\n\t\t\t\t\t<\/div>\n\t\t\t\t<\/div>\n\t\t<div class=\"elementor-element elementor-element-5ea2ad3 e-flex e-con-boxed e-con e-parent\" data-id=\"5ea2ad3\" data-element_type=\"container\" data-e-type=\"container\">\n\t\t\t\t\t<div class=\"e-con-inner\">\n\t\t\t\t<div class=\"elementor-element elementor-element-3e17d2a elementor-widget elementor-widget-text-editor\" data-id=\"3e17d2a\" data-element_type=\"widget\" data-e-type=\"widget\" data-widget_type=\"text-editor.default\">\n\t\t\t\t<div class=\"elementor-widget-container\">\n\t\t\t\t\t\t\t\t\t<p>Perch\u00e9 un&#8217;amata umanitaria, dedita ad aiutare gli altri, dovrebbe morire di cancro in cos\u00ec giovane et\u00e0? La risposta sta nell&#8217;intricato arazzo delle sue vite precedenti, dove ogni filo rivela la profonda saggezza della Giustizia Divina. <\/p><p>Da Diana nell&#8217;antica Antiochia, miracolosamente guarita dalla cecit\u00e0 da un discepolo di Ges\u00f9, a Genevi\u00e8ve, l&#8217;anima coraggiosa che salv\u00f2 Parigi dall&#8217;assedio di Attila, alla regina Leonor del Portogallo conosciuta come &#8216;Madre della Misericordia&#8217; &#8211; ogni vita ha plasmato l&#8217;anima che sarebbe diventata Eva Duarte Per\u00f3n, la campionessa dei poveri dell&#8217;Argentina. Il libro rivela i dettagli affascinanti di ciascuna di queste vite. <\/p><p>Eppure, all&#8217;interno di questa apparente tragedia si cela una verit\u00e0 spirituale pi\u00f9 profonda: mentre Eva si dedicava ad alleviare la povert\u00e0 materiale in molteplici vite, ha gradualmente perso di vista l&#8217;importanza vitale del risveglio spirituale. La sua attenzione all&#8217;assistenza materiale, sebbene ben intenzionata, ha in definitiva incoraggiato l&#8217;autocompiacimento spirituale in coloro che ha aiutato. <\/p><p>Questo straordinario racconto da &#8216;Fili del Destino&#8217; rivela come le nostre vite passate si connettono intimamente alle nostre circostanze presenti, dimostrando che ci\u00f2 che appare come un crudele destino alla nostra limitata comprensione \u00e8 in realt\u00e0 la perfetta Giustizia Divina che si dispiega attraverso i secoli. Attraverso la storia di Eva, impariamo che il vero amore per l&#8217;umanit\u00e0 deve iniziare nella sfera spirituale, non semplicemente nell&#8217;assistenza materiale. <\/p><p>I fili di connessione sono continuati nel tempo: suo marito Juan Per\u00f3n era stato suo fratello sia nell&#8217;antica Antiochia che in Portogallo, mentre molte anime che ha aiutato in Argentina avevano incrociato il suo cammino in vite precedenti.<\/p><p>Scoprite altre rivelazioni sui fili nascosti che collegano il nostro passato, presente e futuro in &#8216;Threads of Fate Determine Human Life&#8217; di Roselis von Sass.<\/p>\t\t\t\t\t\t\t\t<\/div>\n\t\t\t\t<\/div>\n\t\t\t\t\t<\/div>\n\t\t\t\t<\/div>\n\t\t\t\t<\/div>\n\t\t","protected":false},"excerpt":{"rendered":"<p>I Fili del Destino di Eva Per\u00f3n: una Storia di Vite Multiple<\/p>\n","protected":false},"author":563,"featured_media":15215,"comment_status":"closed","ping_status":"closed","sticky":false,"template":"","format":"standard","meta":{"_themeisle_gutenberg_block_has_review":false,"footnotes":""},"categories":[250],"tags":[],"class_list":["post-24306","post","type-post","status-publish","format-standard","has-post-thumbnail","hentry","category-storie-di-karma"],"aioseo_notices":[],"_links":{"self":[{"href":"https:\/\/almaschool.org\/it\/wp-json\/wp\/v2\/posts\/24306","targetHints":{"allow":["GET"]}}],"collection":[{"href":"https:\/\/almaschool.org\/it\/wp-json\/wp\/v2\/posts"}],"about":[{"href":"https:\/\/almaschool.org\/it\/wp-json\/wp\/v2\/types\/post"}],"author":[{"embeddable":true,"href":"https:\/\/almaschool.org\/it\/wp-json\/wp\/v2\/users\/563"}],"replies":[{"embeddable":true,"href":"https:\/\/almaschool.org\/it\/wp-json\/wp\/v2\/comments?post=24306"}],"version-history":[{"count":3,"href":"https:\/\/almaschool.org\/it\/wp-json\/wp\/v2\/posts\/24306\/revisions"}],"predecessor-version":[{"id":24460,"href":"https:\/\/almaschool.org\/it\/wp-json\/wp\/v2\/posts\/24306\/revisions\/24460"}],"wp:featuredmedia":[{"embeddable":true,"href":"https:\/\/almaschool.org\/it\/wp-json\/wp\/v2\/media\/15215"}],"wp:attachment":[{"href":"https:\/\/almaschool.org\/it\/wp-json\/wp\/v2\/media?parent=24306"}],"wp:term":[{"taxonomy":"category","embeddable":true,"href":"https:\/\/almaschool.org\/it\/wp-json\/wp\/v2\/categories?post=24306"},{"taxonomy":"post_tag","embeddable":true,"href":"https:\/\/almaschool.org\/it\/wp-json\/wp\/v2\/tags?post=24306"}],"curies":[{"name":"wp","href":"https:\/\/api.w.org\/{rel}","templated":true}]}}